{"id":932,"date":"2017-04-15T12:24:16","date_gmt":"2017-04-15T12:24:16","guid":{"rendered":"http:\/\/winegastroworld.com\/?post_type=portfolio&#038;p=932"},"modified":"2017-04-16T10:35:57","modified_gmt":"2017-04-16T10:35:57","slug":"vera-de-estenas","status":"publish","type":"post","link":"https:\/\/winegastroworld.com\/?p=932","title":{"rendered":"Vera de Estenas"},"content":{"rendered":"<p>Iniciamos nuestro recorrido por la D.O. Utiel- Requena y nuestra primera parada fue en la bodega Vera de Estenas situada muy cercana al municipio de Utiel.<\/p>\n<p>La bodega est\u00e1 situada en una finca rodeada del vi\u00f1edo, con unos jardines muy cuidados con diferentes plantas arom\u00e1ticas y diversas variedades de flores. Se accede a un antiguo caser\u00f3n donde se encuentra la bodega.<\/p>\n<blockquote class=\"twitter-tweet\" data-width=\"500\" data-dnt=\"true\">\n<p lang=\"es\" dir=\"ltr\">Hoy visita a <a href=\"https:\/\/twitter.com\/VeraEstenas?ref_src=twsrc%5Etfw\">@VeraEstenas<\/a> por la ma\u00f1ana <a href=\"https:\/\/twitter.com\/DOUtielRequena?ref_src=twsrc%5Etfw\">@DOUtielRequena<\/a>. Entorno privilegiado y visita a vi\u00f1edo y bodega. <a href=\"https:\/\/twitter.com\/hashtag\/vino?src=hash&amp;ref_src=twsrc%5Etfw\">#vino<\/a> <a href=\"https:\/\/twitter.com\/hashtag\/wine?src=hash&amp;ref_src=twsrc%5Etfw\">#wine<\/a> <a href=\"https:\/\/twitter.com\/hashtag\/winelovers?src=hash&amp;ref_src=twsrc%5Etfw\">#winelovers<\/a> <a href=\"https:\/\/t.co\/VNDRE7JcET\">pic.twitter.com\/VNDRE7JcET<\/a><\/p>\n<p>&mdash; WineGastroWorld (@WineGastroWorld) <a href=\"https:\/\/twitter.com\/WineGastroWorld\/status\/850769026125004800?ref_src=twsrc%5Etfw\">April 8, 2017<\/a><\/p><\/blockquote>\n<p><script async src=\"https:\/\/platform.twitter.com\/widgets.js\" charset=\"utf-8\"><\/script><\/p>\n<p>Tras una extensa explicaci\u00f3n de las variedades de uva de la zona, su cuidado y posterior traslado a la bodega pasamos a las instalaciones interiores. Siendo una buena opci\u00f3n divulgativa para conocer la zona. Destacamos de esta bodega un buen trabajo de la variedad local \u201cBobal\u201d.<\/p>\n<p>La cata se realiza en la parte superior del caser\u00edo donde se instala un museo de las botellas de diferentes a\u00f1adas de la propia bodega, junto con elementos t\u00edpicos de la zona.<\/p>\n<blockquote class=\"twitter-tweet\" data-width=\"500\" data-dnt=\"true\">\n<p lang=\"es\" dir=\"ltr\">Finalmente cata de los <a href=\"https:\/\/twitter.com\/hashtag\/vinos?src=hash&amp;ref_src=twsrc%5Etfw\">#vinos<\/a> de <a href=\"https:\/\/twitter.com\/VeraEstenas?ref_src=twsrc%5Etfw\">@VeraEstenas<\/a> <a href=\"https:\/\/twitter.com\/DOUtielRequena?ref_src=twsrc%5Etfw\">@DOUtielRequena<\/a> Bobal y Multivarietales de la zona. Un buen punto de partida <a href=\"https:\/\/twitter.com\/hashtag\/enoturismo?src=hash&amp;ref_src=twsrc%5Etfw\">#enoturismo<\/a> <a href=\"https:\/\/twitter.com\/hashtag\/wine?src=hash&amp;ref_src=twsrc%5Etfw\">#wine<\/a> <a href=\"https:\/\/t.co\/qB6lbFaLZ4\">pic.twitter.com\/qB6lbFaLZ4<\/a><\/p>\n<p>&mdash; WineGastroWorld (@WineGastroWorld) <a href=\"https:\/\/twitter.com\/WineGastroWorld\/status\/850769987103072256?ref_src=twsrc%5Etfw\">April 8, 2017<\/a><\/p><\/blockquote>\n<p><script async src=\"https:\/\/platform.twitter.com\/widgets.js\" charset=\"utf-8\"><\/script><\/p>\n<p>M\u00e1s informaci\u00f3n de la bodega en:\u00a0<a href=\"http:\/\/veradeestenas.es\/\">http:\/\/veradeestenas.es\/<\/a><\/p>\n<p>@Winegastroworld<\/p>\n<p>&nbsp;<\/p>\n<p>&nbsp;<\/p>\n","protected":false},"excerpt":{"rendered":"<p>Iniciamos nuestro recorrido por la D.O. Utiel- Requena y nuestra primera parada fue en la bodega Vera de Estenas situada muy cercana al municipio de Utiel. La bodega est\u00e1 situada en una finca rodeada del vi\u00f1edo, con unos jardines muy cuidados con diferentes plantas arom\u00e1ticas y diversas variedades de flores. Se accede a un antiguo [&hellip;]<\/p>\n","protected":false},"author":1,"featured_media":933,"comment_status":"closed","ping_status":"closed","sticky":false,"template":"","format":"standard","meta":{"footnotes":""},"categories":[],"tags":[],"_links":{"self":[{"href":"https:\/\/winegastroworld.com\/index.php?rest_route=\/wp\/v2\/posts\/932"}],"collection":[{"href":"https:\/\/winegastroworld.com\/index.php?rest_route=\/wp\/v2\/posts"}],"about":[{"href":"https:\/\/winegastroworld.com\/index.php?rest_route=\/wp\/v2\/types\/post"}],"author":[{"embeddable":true,"href":"https:\/\/winegastroworld.com\/index.php?rest_route=\/wp\/v2\/users\/1"}],"replies":[{"embeddable":true,"href":"https:\/\/winegastroworld.com\/index.php?rest_route=%2Fwp%2Fv2%2Fcomments&post=932"}],"version-history":[{"count":1,"href":"https:\/\/winegastroworld.com\/index.php?rest_route=\/wp\/v2\/posts\/932\/revisions"}],"predecessor-version":[{"id":952,"href":"https:\/\/winegastroworld.com\/index.php?rest_route=\/wp\/v2\/posts\/932\/revisions\/952"}],"wp:featuredmedia":[{"embeddable":true,"href":"https:\/\/winegastroworld.com\/index.php?rest_route=\/wp\/v2\/media\/933"}],"wp:attachment":[{"href":"https:\/\/winegastroworld.com\/index.php?rest_route=%2Fwp%2Fv2%2Fmedia&parent=932"}],"wp:term":[{"taxonomy":"category","embeddable":true,"href":"https:\/\/winegastroworld.com\/index.php?rest_route=%2Fwp%2Fv2%2Fcategories&post=932"},{"taxonomy":"post_tag","embeddable":true,"href":"https:\/\/winegastroworld.com\/index.php?rest_route=%2Fwp%2Fv2%2Ftags&post=932"}],"curies":[{"name":"wp","href":"https:\/\/api.w.org\/{rel}","templated":true}]}}