{"id":788,"date":"2016-09-17T16:57:51","date_gmt":"2016-09-17T16:57:51","guid":{"rendered":"http:\/\/winegastroworld.com\/?p=788"},"modified":"2016-09-20T17:28:19","modified_gmt":"2016-09-20T17:28:19","slug":"hotels-amb-do-sesion-3-vinos-biologicos-ecologicos-y-biodinamicos","status":"publish","type":"post","link":"https:\/\/winegastroworld.com\/?p=788","title":{"rendered":"Hotels Amb DO \u2013 Sesi\u00f3n 3 &#8211; Vinos biol\u00f3gicos, ecol\u00f3gicos y biodin\u00e1micos."},"content":{"rendered":"<p>Hoy hemos asistido a la tercera (y nuestra \u00faltima) cata organizada por el Institut Catal\u00e0 del Vi (@incavicat) en una serie de hoteles de Barcelona para la promoci\u00f3n de los vinos de las diferentes Denominaciones de Origen de Catalunya.<\/p>\n<p>En esta ocasi\u00f3n hemos asistido a la terraza del Novotel Barcelona, en Gl\u00f2ries, en la planta 19, de nuevo\u00a0con vistas espectaculares y privilegiadas de Barcelona, la costa y la Torre Agbar.<\/p>\n<p>Ver nuestro tweet \ud83d\ude09<\/p>\n<blockquote class=\"twitter-tweet\" data-width=\"500\" data-dnt=\"true\">\n<p lang=\"es\" dir=\"ltr\">Hoy <a href=\"https:\/\/twitter.com\/MesQHotels?ref_src=twsrc%5Etfw\">@MesQHotels<\/a> <a href=\"https:\/\/twitter.com\/hashtag\/hotelsambdo?src=hash&amp;ref_src=twsrc%5Etfw\">#hotelsambdo<\/a> Novotel BCN <a href=\"https:\/\/twitter.com\/hashtag\/vinos?src=hash&amp;ref_src=twsrc%5Etfw\">#vinos<\/a> biol\u00f3gicos. Cata con olor a freidora sin poder disfrutar. <a href=\"https:\/\/twitter.com\/incavicat?ref_src=twsrc%5Etfw\">@incavicat<\/a> <a href=\"https:\/\/t.co\/xEcxCfUuF7\">pic.twitter.com\/xEcxCfUuF7<\/a><\/p>\n<p>&mdash; WineGastroWorld (@WineGastroWorld) <a href=\"https:\/\/twitter.com\/WineGastroWorld\/status\/777274815531147264?ref_src=twsrc%5Etfw\">September 17, 2016<\/a><\/p><\/blockquote>\n<p><script async src=\"https:\/\/platform.twitter.com\/widgets.js\" charset=\"utf-8\"><\/script><\/p>\n<p>La cata dirigida por tres expertos en la materia nos ha permitido degustar los sabores especiales de algunos vinos y cavas, y las peculiaridades y singularidades de los vinos ecol\u00f3gicos, biol\u00f3gicos, y biodin\u00e1micos.<\/p>\n<p>El entorno y la cata promet\u00edan, pero\u00a0el olor a aceite que desprend\u00eda la freidora, que estaba muy cercana a la mesa de catas, y una deficiente ventilaci\u00f3n, han echado a perder por completo lo que pod\u00eda haber sido una grata experiencia.<\/p>\n<p>Los vinos probados han sido:<\/p>\n<ul>\n<li>Cava Argila Reserva 3 anys Brut Nature<\/li>\n<li>Can Peritx\u00f3 2014 Blanco &#8211; Parellada. DO Pened\u00e8s<\/li>\n<li>\u00d3nra -2013 &#8211; DO Costers del Segre.<\/li>\n<li>Vinya Janine 2013 &#8211; Merlot y Cabernet Sauvignon. DO Tarragona.<\/li>\n<li>Finca Viladellops 2013 &#8211; DO Pened\u00e8s.<\/li>\n<li>Clos del M\u00fasic 2011 &#8211; DOQ Priorat<\/li>\n<\/ul>\n<p>Algunos tweets\u00a0referentes a la cata\u00a0&#8230;<\/p>\n<blockquote class=\"twitter-tweet\" data-width=\"500\" data-dnt=\"true\">\n<p lang=\"es\" dir=\"ltr\"><a href=\"https:\/\/twitter.com\/hashtag\/hotelsambdo?src=hash&amp;ref_src=twsrc%5Etfw\">#hotelsambdo<\/a>  <a href=\"https:\/\/twitter.com\/MesQHotels?ref_src=twsrc%5Etfw\">@MesQHotels<\/a>. <a href=\"https:\/\/twitter.com\/hashtag\/vinos?src=hash&amp;ref_src=twsrc%5Etfw\">#vinos<\/a> probados (1) <a href=\"https:\/\/t.co\/a4TLDmjymP\">pic.twitter.com\/a4TLDmjymP<\/a><\/p>\n<p>&mdash; WineGastroWorld (@WineGastroWorld) <a href=\"https:\/\/twitter.com\/WineGastroWorld\/status\/777275193005862912?ref_src=twsrc%5Etfw\">September 17, 2016<\/a><\/p><\/blockquote>\n<p><script async src=\"https:\/\/platform.twitter.com\/widgets.js\" charset=\"utf-8\"><\/script><\/p>\n<p>https:\/\/twitter.com\/WineGastroWorld\/status\/777275534732619776<\/p>\n","protected":false},"excerpt":{"rendered":"<p>Hoy hemos asistido a la tercera (y nuestra \u00faltima) cata organizada por el Institut Catal\u00e0 del Vi (@incavicat) en una serie de hoteles de Barcelona para la promoci\u00f3n de los vinos de las diferentes Denominaciones de Origen de Catalunya. En esta ocasi\u00f3n hemos asistido a la terraza del Novotel Barcelona, en Gl\u00f2ries, en la planta [&hellip;]<\/p>\n","protected":false},"author":1,"featured_media":0,"comment_status":"open","ping_status":"open","sticky":false,"template":"","format":"standard","meta":{"footnotes":""},"categories":[1],"tags":[],"_links":{"self":[{"href":"https:\/\/winegastroworld.com\/index.php?rest_route=\/wp\/v2\/posts\/788"}],"collection":[{"href":"https:\/\/winegastroworld.com\/index.php?rest_route=\/wp\/v2\/posts"}],"about":[{"href":"https:\/\/winegastroworld.com\/index.php?rest_route=\/wp\/v2\/types\/post"}],"author":[{"embeddable":true,"href":"https:\/\/winegastroworld.com\/index.php?rest_route=\/wp\/v2\/users\/1"}],"replies":[{"embeddable":true,"href":"https:\/\/winegastroworld.com\/index.php?rest_route=%2Fwp%2Fv2%2Fcomments&post=788"}],"version-history":[{"count":3,"href":"https:\/\/winegastroworld.com\/index.php?rest_route=\/wp\/v2\/posts\/788\/revisions"}],"predecessor-version":[{"id":791,"href":"https:\/\/winegastroworld.com\/index.php?rest_route=\/wp\/v2\/posts\/788\/revisions\/791"}],"wp:attachment":[{"href":"https:\/\/winegastroworld.com\/index.php?rest_route=%2Fwp%2Fv2%2Fmedia&parent=788"}],"wp:term":[{"taxonomy":"category","embeddable":true,"href":"https:\/\/winegastroworld.com\/index.php?rest_route=%2Fwp%2Fv2%2Fcategories&post=788"},{"taxonomy":"post_tag","embeddable":true,"href":"https:\/\/winegastroworld.com\/index.php?rest_route=%2Fwp%2Fv2%2Ftags&post=788"}],"curies":[{"name":"wp","href":"https:\/\/api.w.org\/{rel}","templated":true}]}}