{"id":1329,"date":"2018-03-31T20:52:28","date_gmt":"2018-03-31T20:52:28","guid":{"rendered":"http:\/\/winegastroworld.com\/?post_type=portfolio&#038;p=1329"},"modified":"2018-08-26T18:08:45","modified_gmt":"2018-08-26T18:08:45","slug":"bodegas-adria","status":"publish","type":"post","link":"https:\/\/winegastroworld.com\/?p=1329","title":{"rendered":"Bodegas Adri\u00e1"},"content":{"rendered":"<div id='gallery-1' class='gallery galleryid-1329 gallery-columns-3 gallery-size-thumbnail'><figure class='gallery-item'>\n\t\t\t<div class='gallery-icon landscape'>\n\t\t\t\t<a href='https:\/\/winegastroworld.com\/?attachment_id=1547'><img width=\"150\" height=\"150\" src=\"https:\/\/winegastroworld.com\/wp-content\/uploads\/2018\/03\/Adria1-150x150.jpg\" class=\"attachment-thumbnail size-thumbnail\" alt=\"\" decoding=\"async\" aria-describedby=\"gallery-1-1547\" \/><\/a>\n\t\t\t<\/div>\n\t\t\t\t<figcaption class='wp-caption-text gallery-caption' id='gallery-1-1547'>\n\t\t\t\tCreated with GIMP\n\t\t\t\t<\/figcaption><\/figure><figure class='gallery-item'>\n\t\t\t<div class='gallery-icon landscape'>\n\t\t\t\t<a href='https:\/\/winegastroworld.com\/?attachment_id=1551'><img width=\"150\" height=\"150\" src=\"https:\/\/winegastroworld.com\/wp-content\/uploads\/2018\/03\/Adria5-150x150.jpg\" class=\"attachment-thumbnail size-thumbnail\" alt=\"\" decoding=\"async\" aria-describedby=\"gallery-1-1551\" \/><\/a>\n\t\t\t<\/div>\n\t\t\t\t<figcaption class='wp-caption-text gallery-caption' id='gallery-1-1551'>\n\t\t\t\tCreated with GIMP\n\t\t\t\t<\/figcaption><\/figure><figure class='gallery-item'>\n\t\t\t<div class='gallery-icon landscape'>\n\t\t\t\t<a href='https:\/\/winegastroworld.com\/?attachment_id=1549'><img width=\"150\" height=\"150\" src=\"https:\/\/winegastroworld.com\/wp-content\/uploads\/2018\/03\/Adria3-150x150.jpg\" class=\"attachment-thumbnail size-thumbnail\" alt=\"\" decoding=\"async\" aria-describedby=\"gallery-1-1549\" \/><\/a>\n\t\t\t<\/div>\n\t\t\t\t<figcaption class='wp-caption-text gallery-caption' id='gallery-1-1549'>\n\t\t\t\tCreated with GIMP\n\t\t\t\t<\/figcaption><\/figure><figure class='gallery-item'>\n\t\t\t<div class='gallery-icon landscape'>\n\t\t\t\t<a href='https:\/\/winegastroworld.com\/?attachment_id=1546'><img width=\"150\" height=\"150\" src=\"https:\/\/winegastroworld.com\/wp-content\/uploads\/2018\/03\/Adria4-150x150.jpg\" class=\"attachment-thumbnail size-thumbnail\" alt=\"\" decoding=\"async\" aria-describedby=\"gallery-1-1546\" \/><\/a>\n\t\t\t<\/div>\n\t\t\t\t<figcaption class='wp-caption-text gallery-caption' id='gallery-1-1546'>\n\t\t\t\tCreated with GIMP\n\t\t\t\t<\/figcaption><\/figure>\n\t\t<\/div>\n\n<p>En abril de 20018 y en nuestra visita a la comarca de Bierzo, realizamos la visita a Bodegas Adri\u00e1\u00a0 por recomendaci\u00f3n de la D.O. Bierzo, que amablemente nos puso en contacto con ellos. La bodega est\u00e1 situada en Villafranca de Bierzo, en la carretera antigua Madrid-Coru\u00f1a.<\/p>\n<p>Iniciamos la visita en las afueras de la bodega visitando una de los vi\u00f1edos de la propiedad. Nos explicaron la procedencia de sus vinos b\u00e1sicamente de uva Menc\u00eda y Godello, algunas de ellas procedentes de vides centenarias, as\u00ed como la importancia de su ubicaci\u00f3n, el microclima que disfruta la zona y la calidad del suelo.<\/p>\n<p>Ya en el interior de la bodega pudimos conocer todos los procesos de elaboraci\u00f3n y crianza de sus vinos, teniendo, incluso, la\u00a0ocasi\u00f3n de probar de la propia barrica y comprobar la evoluci\u00f3n en aromas y sabor durante el proceso de maduraci\u00f3n en la crianza.<\/p>\n<p>Ya en la sala de catas, estuvimos degustando el <strong>Vega Mont\u00e1n Godello<\/strong>, <strong>Etapa 24<\/strong> (un Godello blanco sobre l\u00edas), el <strong>Vega Mont\u00e1n joven Menc\u00eda<\/strong>, <strong>Vega Mont\u00e1n Silk<\/strong> con 4 meses de crianza, y por \u00faltimo el <strong>Vega Mont\u00e1n Adri\u00e1<\/strong> con 9 meses de crianza, todos ellos acompa\u00f1ados de una amena charla y gran explicaci\u00f3n de Adelino que nos atendi\u00f3 muy amablemente durante toda la visita.<\/p>\n<p>Esta bodegas es otra de las m\u00faltiples buenas opciones de enoturismo para descubrir los vinos, comarca y gastronom\u00eda del Bierzo.<\/p>\n<hr \/>\n<p>As\u00ed os\u00a0 lo contamos en Twitter:<\/p>\n<blockquote class=\"twitter-tweet\" data-width=\"500\" data-dnt=\"true\">\n<p lang=\"es\" dir=\"ltr\">Hoy visita a <a href=\"https:\/\/twitter.com\/BodegasAdria?ref_src=twsrc%5Etfw\">@BodegasAdria<\/a>. Una genial oportunidad de conocer a\u00fan m\u00e1s esta zona y sus <a href=\"https:\/\/twitter.com\/hashtag\/vinos?src=hash&amp;ref_src=twsrc%5Etfw\">#vinos<\/a>. Hemos tenido la suerte de probarlos directamente de sus barricas. Agradecer a Adelino su atenci\u00f3n y trato. Destacar su blanco sobre l\u00edas. <a href=\"https:\/\/twitter.com\/hashtag\/enoturismo?src=hash&amp;ref_src=twsrc%5Etfw\">#enoturismo<\/a> <a href=\"https:\/\/twitter.com\/hashtag\/winelovers?src=hash&amp;ref_src=twsrc%5Etfw\">#winelovers<\/a> <a href=\"https:\/\/twitter.com\/hashtag\/viajarmola?src=hash&amp;ref_src=twsrc%5Etfw\">#viajarmola<\/a> <a href=\"https:\/\/twitter.com\/hashtag\/wine?src=hash&amp;ref_src=twsrc%5Etfw\">#wine<\/a> <a href=\"https:\/\/t.co\/ZSro86yLNz\">pic.twitter.com\/ZSro86yLNz<\/a><\/p>\n<p>&mdash; WineGastroWorld (@WineGastroWorld) <a href=\"https:\/\/twitter.com\/WineGastroWorld\/status\/978250773942407170?ref_src=twsrc%5Etfw\">March 26, 2018<\/a><\/p><\/blockquote>\n<p><script async src=\"https:\/\/platform.twitter.com\/widgets.js\" charset=\"utf-8\"><\/script><\/p>\n<hr \/>\n<p>M\u00e1s informaci\u00f3n: <a href=\"http:\/\/bodegasadria.com\/es\/\">http:\/\/bodegasadria.com\/es\/<\/a><\/p>\n<p>@Winegastroworld 2018<\/p>\n","protected":false},"excerpt":{"rendered":"<p>En abril de 20018 y en nuestra visita a la comarca de Bierzo, realizamos la visita a Bodegas Adri\u00e1\u00a0 por recomendaci\u00f3n de la D.O. Bierzo, que amablemente nos puso en contacto con ellos. La bodega est\u00e1 situada en Villafranca de Bierzo, en la carretera antigua Madrid-Coru\u00f1a. Iniciamos la visita en las afueras de la bodega [&hellip;]<\/p>\n","protected":false},"author":1,"featured_media":1324,"comment_status":"closed","ping_status":"closed","sticky":false,"template":"","format":"standard","meta":{"footnotes":""},"categories":[],"tags":[],"_links":{"self":[{"href":"https:\/\/winegastroworld.com\/index.php?rest_route=\/wp\/v2\/posts\/1329"}],"collection":[{"href":"https:\/\/winegastroworld.com\/index.php?rest_route=\/wp\/v2\/posts"}],"about":[{"href":"https:\/\/winegastroworld.com\/index.php?rest_route=\/wp\/v2\/types\/post"}],"author":[{"embeddable":true,"href":"https:\/\/winegastroworld.com\/index.php?rest_route=\/wp\/v2\/users\/1"}],"replies":[{"embeddable":true,"href":"https:\/\/winegastroworld.com\/index.php?rest_route=%2Fwp%2Fv2%2Fcomments&post=1329"}],"version-history":[{"count":1,"href":"https:\/\/winegastroworld.com\/index.php?rest_route=\/wp\/v2\/posts\/1329\/revisions"}],"predecessor-version":[{"id":1550,"href":"https:\/\/winegastroworld.com\/index.php?rest_route=\/wp\/v2\/posts\/1329\/revisions\/1550"}],"wp:featuredmedia":[{"embeddable":true,"href":"https:\/\/winegastroworld.com\/index.php?rest_route=\/wp\/v2\/media\/1324"}],"wp:attachment":[{"href":"https:\/\/winegastroworld.com\/index.php?rest_route=%2Fwp%2Fv2%2Fmedia&parent=1329"}],"wp:term":[{"taxonomy":"category","embeddable":true,"href":"https:\/\/winegastroworld.com\/index.php?rest_route=%2Fwp%2Fv2%2Fcategories&post=1329"},{"taxonomy":"post_tag","embeddable":true,"href":"https:\/\/winegastroworld.com\/index.php?rest_route=%2Fwp%2Fv2%2Ftags&post=1329"}],"curies":[{"name":"wp","href":"https:\/\/api.w.org\/{rel}","templated":true}]}}