{"id":1135,"date":"2019-02-03T18:25:25","date_gmt":"2019-02-03T18:25:25","guid":{"rendered":"http:\/\/winegastroworld.com\/?post_type=portfolio&#038;p=1135"},"modified":"2019-02-03T21:45:00","modified_gmt":"2019-02-03T21:45:00","slug":"bodegas-torres","status":"publish","type":"post","link":"https:\/\/winegastroworld.com\/?p=1135","title":{"rendered":"Bodegas Torres"},"content":{"rendered":"<p>&nbsp;<\/p>\n<div id='gallery-1' class='gallery galleryid-1135 gallery-columns-3 gallery-size-thumbnail'><figure class='gallery-item'>\n\t\t\t<div class='gallery-icon landscape'>\n\t\t\t\t<a href='https:\/\/winegastroworld.com\/?attachment_id=1781'><img width=\"150\" height=\"150\" src=\"https:\/\/winegastroworld.com\/wp-content\/uploads\/2019\/02\/torres2-150x150.png\" class=\"attachment-thumbnail size-thumbnail\" alt=\"\" decoding=\"async\" \/><\/a>\n\t\t\t<\/div><\/figure><figure class='gallery-item'>\n\t\t\t<div class='gallery-icon landscape'>\n\t\t\t\t<a href='https:\/\/winegastroworld.com\/?attachment_id=1780'><img width=\"150\" height=\"150\" src=\"https:\/\/winegastroworld.com\/wp-content\/uploads\/2019\/02\/torres1-150x150.jpg\" class=\"attachment-thumbnail size-thumbnail\" alt=\"\" decoding=\"async\" \/><\/a>\n\t\t\t<\/div><\/figure><figure class='gallery-item'>\n\t\t\t<div class='gallery-icon landscape'>\n\t\t\t\t<a href='https:\/\/winegastroworld.com\/?attachment_id=1783'><img width=\"150\" height=\"150\" src=\"https:\/\/winegastroworld.com\/wp-content\/uploads\/2019\/02\/torres3-150x150.png\" class=\"attachment-thumbnail size-thumbnail\" alt=\"\" decoding=\"async\" \/><\/a>\n\t\t\t<\/div><\/figure><figure class='gallery-item'>\n\t\t\t<div class='gallery-icon landscape'>\n\t\t\t\t<a href='https:\/\/winegastroworld.com\/?attachment_id=1784'><img width=\"150\" height=\"150\" src=\"https:\/\/winegastroworld.com\/wp-content\/uploads\/2019\/02\/torres4-150x150.png\" class=\"attachment-thumbnail size-thumbnail\" alt=\"\" decoding=\"async\" \/><\/a>\n\t\t\t<\/div><\/figure>\n\t\t<\/div>\n\n<p>A principios de febrero de 2019, visitamos por segunda vez\u00a0Bodegas Torres, uno de los referentes nacionales e internacionales del mundo del vino, y cuya sede central se encuentra en el Pened\u00e8s, en el municipio de Pacs, muy cerca de Vilafranca, en Barcelona.<\/p>\n<p>Tras la presentaci\u00f3n en el gran &#8216;hall&#8217;, con im\u00e1genes de las diferentes fincas y bodegas del grupo, y una visualizaci\u00f3n de un v\u00eddeo introductorio de la historia y proyectos de esta bodega en el auditorio, nos dirigimos hacia el exterior, donde nuestra gu\u00eda ampli\u00f3 la informaci\u00f3n sobre la bodega, terru\u00f1os, variedades y caracter\u00edsticas principales de la zona, al resguardo de los fr\u00edos del norte gracias a la protecci\u00f3n del macizo de Montserrat.<\/p>\n<p>La visita contin\u00faa en un tren el\u00e9ctrico, ecol\u00f3gico y respetuoso con el medio ambiente, hacia la bodega Waltraud. Una bodega completamente integrada en el paisaje, con dise\u00f1o y uso de materiales con el objetivo de mejorar la eficiencia energ\u00e9tica y disminuir al m\u00ednimo el impacto al entorno.<\/p>\n<p>Instalaci\u00f3n moderna y espectacular, presenta una sala de barricas, una gran sala de dep\u00f3sitos donde fermentan las diferentes variedades y fincas por separado y finalmente una gran espacio inferior donde descansan sus mejores marcas y vinos.<\/p>\n<p>Finalmente, una gran cata de 4 vinos maridados con 4 jamones de diferentes DO (Salamanca, Huelva y Extremadura)<\/p>\n<p>Los vinos que probamos fueron estos:<\/p>\n<p><img fetchpriority=\"high\" decoding=\"async\" class=\"aligncenter wp-image-1785 size-large\" src=\"http:\/\/winegastroworld.com\/wp-content\/uploads\/2019\/02\/IMG_20190202_135935-1024x768.jpg\" alt=\"img_20190202_135935\" width=\"720\" height=\"540\" srcset=\"https:\/\/winegastroworld.com\/wp-content\/uploads\/2019\/02\/IMG_20190202_135935-1024x768.jpg 1024w, https:\/\/winegastroworld.com\/wp-content\/uploads\/2019\/02\/IMG_20190202_135935-300x225.jpg 300w, https:\/\/winegastroworld.com\/wp-content\/uploads\/2019\/02\/IMG_20190202_135935-768x576.jpg 768w\" sizes=\"(max-width: 720px) 100vw, 720px\" \/><\/p>\n<p>Como toda visita, finaliza en una gran tienda, donde puedes adquirir todas las diferentes marcas de todas sus bodegas en el mundo.<\/p>\n<p>Una gran experiencia que recomendamos.<\/p>\n<p><strong>NOTA:<\/strong>\u00a0Destacar la cuidada explicaci\u00f3n por parte de nuestra anfitriona -Isabel- y las\u00a0explicaciones en la cata, con un vocabulario poco especializado y &#8216;para todos los p\u00fablicos&#8217; que ayuda a acercar el mundo del vino a todo tipo de visitantes, tanto winelovers, como profanos en la materia.<\/p>\n<p><strong>GASTRONOM\u00cdA:\u00a0<\/strong>Tras nuestra visita a la bodega, decidimos continuar nuestra experiencia comiendo en el <a href=\"https:\/\/masiamasrabell.com\/inicio.php\">Restaurante Mas Rabell,<\/a> tambi\u00e9n de propiedad de la familia Torres, situado a unos 10 minutos de la bodega. Un cuidado men\u00fa maridado con sus vinos Mas Rabell. Una buena opci\u00f3n para completar una gran experiencia.<\/p>\n<hr \/>\n<p><strong>As\u00ed os lo contamos en Twitter:<\/strong><\/p>\n<blockquote class=\"twitter-tweet\" data-width=\"500\" data-dnt=\"true\">\n<p lang=\"es\" dir=\"ltr\">&#8230; Hoy <a href=\"https:\/\/twitter.com\/hashtag\/enoturismo?src=hash&amp;ref_src=twsrc%5Etfw\">#enoturismo<\/a> en <a href=\"https:\/\/twitter.com\/familiatorres?ref_src=twsrc%5Etfw\">@familiatorres<\/a>&#8230;<br \/>Gran visita y explicaci\u00f3n donde hemos aprendido un poco m\u00e1s sobre el Pened\u00e9s y la historia de Torres.<a href=\"https:\/\/twitter.com\/hashtag\/vino?src=hash&amp;ref_src=twsrc%5Etfw\">#vino<\/a> <a href=\"https:\/\/twitter.com\/hashtag\/wine?src=hash&amp;ref_src=twsrc%5Etfw\">#wine<\/a> <a href=\"https:\/\/twitter.com\/hashtag\/winelovers?src=hash&amp;ref_src=twsrc%5Etfw\">#winelovers<\/a> <a href=\"https:\/\/twitter.com\/hashtag\/culturadelvino?src=hash&amp;ref_src=twsrc%5Etfw\">#culturadelvino<\/a> <a href=\"https:\/\/twitter.com\/hashtag\/wineculture?src=hash&amp;ref_src=twsrc%5Etfw\">#wineculture<\/a> <a href=\"https:\/\/twitter.com\/hashtag\/vi?src=hash&amp;ref_src=twsrc%5Etfw\">#vi<\/a> <a href=\"https:\/\/t.co\/G5o8s9ErwI\">pic.twitter.com\/G5o8s9ErwI<\/a><\/p>\n<p>&mdash; WineGastroWorld (@WineGastroWorld) <a href=\"https:\/\/twitter.com\/WineGastroWorld\/status\/1091697076755296262?ref_src=twsrc%5Etfw\">February 2, 2019<\/a><\/p><\/blockquote>\n<p><script async src=\"https:\/\/platform.twitter.com\/widgets.js\" charset=\"utf-8\"><\/script><\/p>\n<p>&nbsp;<\/p>\n<blockquote class=\"twitter-tweet\" data-width=\"500\" data-dnt=\"true\">\n<p lang=\"es\" dir=\"ltr\">Hemos continuado disfrutando en el Restaurante Mas Rabell de los <a href=\"https:\/\/twitter.com\/hashtag\/vinos?src=hash&amp;ref_src=twsrc%5Etfw\">#vinos<\/a> de <a href=\"https:\/\/twitter.com\/familiatorres?ref_src=twsrc%5Etfw\">@familiatorres<\/a> y de su propuesta gastron\u00f3mica.<a href=\"https:\/\/twitter.com\/hashtag\/wine?src=hash&amp;ref_src=twsrc%5Etfw\">#wine<\/a> <a href=\"https:\/\/twitter.com\/hashtag\/winelovers?src=hash&amp;ref_src=twsrc%5Etfw\">#winelovers<\/a> <a href=\"https:\/\/twitter.com\/hashtag\/culturadelvino?src=hash&amp;ref_src=twsrc%5Etfw\">#culturadelvino<\/a> <a href=\"https:\/\/twitter.com\/hashtag\/wineculture?src=hash&amp;ref_src=twsrc%5Etfw\">#wineculture<\/a> <a href=\"https:\/\/twitter.com\/hashtag\/enoturismo?src=hash&amp;ref_src=twsrc%5Etfw\">#enoturismo<\/a> <a href=\"https:\/\/twitter.com\/hashtag\/winetourism?src=hash&amp;ref_src=twsrc%5Etfw\">#winetourism<\/a> <a href=\"https:\/\/twitter.com\/hashtag\/viajarmola?src=hash&amp;ref_src=twsrc%5Etfw\">#viajarmola<\/a> <a href=\"https:\/\/t.co\/JALDauejG5\">pic.twitter.com\/JALDauejG5<\/a><\/p>\n<p>&mdash; WineGastroWorld (@WineGastroWorld) <a href=\"https:\/\/twitter.com\/WineGastroWorld\/status\/1091819163054682113?ref_src=twsrc%5Etfw\">February 2, 2019<\/a><\/p><\/blockquote>\n<p><script async src=\"https:\/\/platform.twitter.com\/widgets.js\" charset=\"utf-8\"><\/script><\/p>\n<blockquote class=\"twitter-tweet\" data-width=\"500\" data-dnt=\"true\">\n<p lang=\"es\" dir=\"ltr\">Paisajes del Pened\u00e9s&#8230;.<a href=\"https:\/\/twitter.com\/hashtag\/vino?src=hash&amp;ref_src=twsrc%5Etfw\">#vino<\/a> <a href=\"https:\/\/twitter.com\/hashtag\/wine?src=hash&amp;ref_src=twsrc%5Etfw\">#wine<\/a> <a href=\"https:\/\/twitter.com\/hashtag\/winelovers?src=hash&amp;ref_src=twsrc%5Etfw\">#winelovers<\/a> <a href=\"https:\/\/twitter.com\/hashtag\/culturadelvino?src=hash&amp;ref_src=twsrc%5Etfw\">#culturadelvino<\/a> <a href=\"https:\/\/twitter.com\/hashtag\/wineculture?src=hash&amp;ref_src=twsrc%5Etfw\">#wineculture<\/a> <a href=\"https:\/\/twitter.com\/hashtag\/vi?src=hash&amp;ref_src=twsrc%5Etfw\">#vi<\/a> <a href=\"https:\/\/twitter.com\/hashtag\/enoturismo?src=hash&amp;ref_src=twsrc%5Etfw\">#enoturismo<\/a> <a href=\"https:\/\/twitter.com\/hashtag\/winetourism?src=hash&amp;ref_src=twsrc%5Etfw\">#winetourism<\/a> <a href=\"https:\/\/twitter.com\/hashtag\/viajarmola?src=hash&amp;ref_src=twsrc%5Etfw\">#viajarmola<\/a> <a href=\"https:\/\/t.co\/ZB0bGpIXrn\">pic.twitter.com\/ZB0bGpIXrn<\/a><\/p>\n<p>&mdash; WineGastroWorld (@WineGastroWorld) <a href=\"https:\/\/twitter.com\/WineGastroWorld\/status\/1091824301441835008?ref_src=twsrc%5Etfw\">February 2, 2019<\/a><\/p><\/blockquote>\n<p><script async src=\"https:\/\/platform.twitter.com\/widgets.js\" charset=\"utf-8\"><\/script><\/p>\n<p>&nbsp;<\/p>\n<hr \/>\n<p><strong>M\u00e1s informaci\u00f3n:\u00a0<a href=\"https:\/\/www.torres.es\/\">https:\/\/www.torres.es\/<\/a><\/strong><\/p>\n<p>@Winegastroworld 2019<\/p>\n<hr \/>\n<p>&nbsp;<\/p>\n","protected":false},"excerpt":{"rendered":"<p>&nbsp; A principios de febrero de 2019, visitamos por segunda vez\u00a0Bodegas Torres, uno de los referentes nacionales e internacionales del mundo del vino, y cuya sede central se encuentra en el Pened\u00e8s, en el municipio de Pacs, muy cerca de Vilafranca, en Barcelona. Tras la presentaci\u00f3n en el gran &#8216;hall&#8217;, con im\u00e1genes de las diferentes [&hellip;]<\/p>\n","protected":false},"author":1,"featured_media":1136,"comment_status":"closed","ping_status":"closed","sticky":false,"template":"","format":"standard","meta":{"footnotes":""},"categories":[],"tags":[],"_links":{"self":[{"href":"https:\/\/winegastroworld.com\/index.php?rest_route=\/wp\/v2\/posts\/1135"}],"collection":[{"href":"https:\/\/winegastroworld.com\/index.php?rest_route=\/wp\/v2\/posts"}],"about":[{"href":"https:\/\/winegastroworld.com\/index.php?rest_route=\/wp\/v2\/types\/post"}],"author":[{"embeddable":true,"href":"https:\/\/winegastroworld.com\/index.php?rest_route=\/wp\/v2\/users\/1"}],"replies":[{"embeddable":true,"href":"https:\/\/winegastroworld.com\/index.php?rest_route=%2Fwp%2Fv2%2Fcomments&post=1135"}],"version-history":[{"count":1,"href":"https:\/\/winegastroworld.com\/index.php?rest_route=\/wp\/v2\/posts\/1135\/revisions"}],"predecessor-version":[{"id":1773,"href":"https:\/\/winegastroworld.com\/index.php?rest_route=\/wp\/v2\/posts\/1135\/revisions\/1773"}],"wp:featuredmedia":[{"embeddable":true,"href":"https:\/\/winegastroworld.com\/index.php?rest_route=\/wp\/v2\/media\/1136"}],"wp:attachment":[{"href":"https:\/\/winegastroworld.com\/index.php?rest_route=%2Fwp%2Fv2%2Fmedia&parent=1135"}],"wp:term":[{"taxonomy":"category","embeddable":true,"href":"https:\/\/winegastroworld.com\/index.php?rest_route=%2Fwp%2Fv2%2Fcategories&post=1135"},{"taxonomy":"post_tag","embeddable":true,"href":"https:\/\/winegastroworld.com\/index.php?rest_route=%2Fwp%2Fv2%2Ftags&post=1135"}],"curies":[{"name":"wp","href":"https:\/\/api.w.org\/{rel}","templated":true}]}}